{"id":10903,"date":"2025-12-29T15:38:24","date_gmt":"2025-12-29T08:38:24","guid":{"rendered":"https:\/\/bongda.460tw.com\/index.php\/2025\/12\/29\/guardiola-chi-ra-ung-vien-so-1-cho-chuc-vo-dich-world-cup-2026\/"},"modified":"2025-12-29T15:38:24","modified_gmt":"2025-12-29T08:38:24","slug":"guardiola-chi-ra-ung-vien-so-1-cho-chuc-vo-dich-world-cup-2026","status":"publish","type":"post","link":"https:\/\/bongda.460tw.com\/index.php\/2025\/12\/29\/guardiola-chi-ra-ung-vien-so-1-cho-chuc-vo-dich-world-cup-2026\/","title":{"rendered":"Guardiola ch\u1ec9 ra \u1ee9ng vi\u00ean s\u1ed1 1 cho ch\u1ee9c v\u00f4 \u0111\u1ecbch World Cup 2026"},"content":{"rendered":"<p>\u00bb<\/p>\n<p>        Th\u1ebf gi\u1edbi\u00bb<br \/>\n        World Cup<\/p>\n<p>                        Guardiola ch\u1ec9 ra \u1ee9ng vi\u00ean s\u1ed1 1 cho ch\u1ee9c v\u00f4 \u0111\u1ecbch World Cup 2026<\/p>\n<p>                            18:06 ng\u00e0y 09\/12\/2025<\/p>\n<p>                        Chia s\u1ebb<\/p>\n<p>                        HLV Pep Guardiola c\u1ee7a Man City \u0111\u00e1nh gi\u00e1 r\u1ea5t cao \u0111\u1ed9i tuy\u1ec3n Anh, v\u00e0 \u00f4ng cho r\u1eb1ng Tam s\u01b0 \u0111ang c\u00f3 c\u01a1 h\u1ed9i l\u1edbn \u0111\u1ec3 \u0111\u0103ng quang World Cup 2026.<\/p>\n<p>                     Gi\u1edbi thi\u1ec7u v\u00e0 \u0111\u1eb7t mua s\u00e1ch &#8220;B\u00f3ng \u0111\u00e1 A B\u1edd C\u1edd&#8221;<\/p>\n<p>&#8220;R\u1ea5t l\u1edbn. N\u1ebfu nh\u00ecn v\u00e0o ch\u1ea5t l\u01b0\u1ee3ng c\u1ee7a HLV, l\u00e0 r\u1ea5t l\u1edbn. N\u1ebfu nh\u00ecn v\u00e0o ch\u1ea5t l\u01b0\u1ee3ng c\u1ee7a c\u00e1c c\u1ea7u th\u1ee7 h\u1ecd c\u00f3, th\u1eadm ch\u00ed nh\u1eefng c\u1ea7u th\u1ee7 c\u00f3 th\u1ec3 kh\u00f4ng \u0111\u01b0\u1ee3c tri\u1ec7u t\u1eadp \u0111\u1ec1u l\u00e0 \u0111\u1eb3ng c\u1ea5p cao&#8221;, Guardiola nh\u1eadn \u0111\u1ecbnh.<\/p>\n<p>&#8220;Kho\u1ea3nh kh\u1eafc h\u1ecd th\u1ef1c s\u1ef1 tin v\u00e0o \u0111i\u1ec1u \u0111\u00f3, h\u1ecd c\u00f3 th\u1ec3 l\u00e0m \u0111\u01b0\u1ee3c. T\u00f4i ngh\u0129 Thomas (Tuchel) s\u1ebd thuy\u1ebft ph\u1ee5c \u0111\u1ed9i tuy\u1ec3n Anh r\u1eb1ng h\u1ecd c\u00f3 th\u1ec3 l\u00e0m \u0111\u01b0\u1ee3c. \u1ede m\u1ecdi tuy\u1ebfn, h\u1ecd \u0111\u1ec1u r\u1ea5t t\u1ed1t, r\u1ea5t, r\u1ea5t t\u1ed1t.<\/p>\n<p>V\u1edbi Gareth (Southgate), h\u1ecd \u0111\u00e3 v\u00e0o chung k\u1ebft, b\u00e1n k\u1ebft, chung k\u1ebft, b\u00e1n k\u1ebft, chung k\u1ebft. H\u1ecd \u0111\u00e3 \u1edf r\u1ea5t g\u1ea7n. H\u00e3y nh\u1edb m\u1ed9t ch\u00fat gi\u1ed1ng nh\u01b0 T\u00e2y Ban Nha, m\u1ecdi th\u1ee9 lu\u00f4n \u1edf \u0111\u00f3. V\u00e0 kho\u1ea3nh kh\u1eafc h\u1ecd ph\u00e1 v\u1ee1 \u0111\u01b0\u1ee3c r\u00e0o c\u1ea3n \u1ea5y v\u00e0 gi\u00e0nh chi\u1ebfn th\u1eafng, h\u1ecd \u0111\u00e3 c\u00f3 th\u1ec3 l\u00e0m \u0111\u01b0\u1ee3c&#8221;.<\/p>\n<p>Khi s\u1ef1 h\u00e1o h\u1ee9c h\u01b0\u1edbng t\u1edbi k\u1ef3 World Cup 2026 m\u1edf r\u1ed9ng c\u1ee7a FIFA ti\u1ebfp t\u1ee5c t\u0103ng cao, nh\u1eefng nh\u1eadn x\u00e9t c\u1ee7a Guardiola xu\u1ea5t hi\u1ec7n \u0111\u00fang v\u00e0o th\u1eddi \u0111i\u1ec3m nh\u00f3m c\u00e1c c\u1ea7u th\u1ee7 ng\u01b0\u1eddi Anh c\u1ee7a Man City \u0111ang tr\u1ea3i qua m\u1ed9t giai \u0111o\u1ea1n ph\u00e1t tri\u1ec3n c\u00e1 nh\u00e2n quan tr\u1ecdng.<\/p>\n<p>Nh\u1eefng c\u00e1i t\u00ean nh\u01b0 Phil Foden, Rico Lewis, John Stones, James Trafford v\u00e0 Nico O\u2019Reilly \u0111\u1ec1u c\u00f3 th\u1ec3 n\u1eb1m trong k\u1ebf ho\u1ea1ch c\u1ee7a HLV Tuchel v\u00e0o m\u00f9a h\u00e8 n\u0103m sau, t\u1ea1o n\u00ean m\u1ed9t d\u1ea5u \u1ea5n \u0111\u1eadm n\u00e9t c\u1ee7a Man xanh trong b\u1ed9 khung \u0111\u1ed9i tuy\u1ec3n qu\u1ed1c gia. Tuy\u1ec3n Anh \u0111ang k\u1ebf th\u1eeba chu\u1ed7i th\u00e0nh t\u00edch \u1ed5n \u0111\u1ecbnh \u1edf c\u00e1c gi\u1ea3i \u0111\u1ea5u l\u1edbn d\u01b0\u1edbi th\u1eddi Southgate v\u00e0 chu\u1ea9n b\u1ecb b\u01b0\u1edbc v\u00e0o m\u1ed9t ch\u01b0\u01a1ng chi\u1ebfn thu\u1eadt m\u1edbi c\u00f9ng Tuchel.<\/p>\n<p>S\u1ef1 \u1ee7ng h\u1ed9 c\u1ee7a Guardiola d\u00e0nh cho tuy\u1ec3n Anh c\u0169ng \u0111\u1ebfn v\u00e0o th\u1eddi \u0111i\u1ec3m Man City \u0111ang trong giai \u0111o\u1ea1n chuy\u1ec3n m\u00ecnh, khi vi\u1ec7c ho\u1ea1ch \u0111\u1ecbnh l\u1ef1c l\u01b0\u1ee3ng d\u00e0i h\u1ea1n tr\u1edf th\u00e0nh ch\u1ee7 \u0111\u1ec1 \u0111\u01b0\u1ee3c b\u00e0n lu\u1eadn nhi\u1ec1u trong nh\u1eefng th\u00e1ng g\u1ea7n \u0111\u00e2y, v\u1edbi CLB theo d\u00f5i s\u00e1t sao kh\u1ea3 n\u0103ng c\u00e1c c\u1ea7u th\u1ee7 c\u1ee7a m\u00ecnh g\u00f3p m\u1eb7t t\u1ea1i World Cup.\u00a0<\/p>\n<p>Nh\u1eefng tr\u1eadn \u0111\u1ea5u c\u1ee7a tuy\u1ec3n Anh t\u1ea1i m\u1ed9t b\u1ea3ng \u0111\u1ea5u c\u00f3 t\u00ednh c\u1ea1nh tranh cao, bao g\u1ed3m cu\u1ed9c ch\u1ea1m tr\u00e1n n\u1ea3y l\u1eeda v\u1edbi Croatia c\u1ee7a Josko Gvardiol v\u00e0 Mateo Kovacic, c\u00e0ng l\u00e0m t\u0103ng th\u00eam s\u1ef1 ch\u00fa \u00fd t\u1eeb ph\u00eda Man City.<\/p>\n<p>Ngo\u00e0i c\u00e2u chuy\u1ec7n hi\u1ec3n nhi\u00ean v\u1ec1 ch\u1ea5t l\u01b0\u1ee3ng nh\u00e2n s\u1ef1 c\u1ee7a tuy\u1ec3n Anh, nh\u1eefng b\u00ecnh lu\u1eadn c\u1ee7a Guardiola c\u00f2n nh\u1ea5n m\u1ea1nh \u0111\u1ebfn r\u00e0o c\u1ea3n t\u00e2m l\u00fd m\u00e0 c\u00e1c th\u1ebf h\u1ec7 tr\u01b0\u1edbc t\u1eebng kh\u00f4ng th\u1ec3 v\u01b0\u1ee3t qua, \u0111\u00f3 l\u00e0 &#8220;kho\u1ea3nh kh\u1eafc ni\u1ec1m tin&#8221; mang t\u00ednh quy\u1ebft \u0111\u1ecbnh.<\/p>\n<p>                        \u0110\u1ed7 Trung \u2022 18:06 ng\u00e0y 09\/12\/2025<\/p>\n<p>                    Tags:<br \/>\n                        World Cup 2026<br \/>\n                        Pep Guardiola<br \/>\n                        Man City<\/p>\n<p>    B\u00e0i vi\u1ebft hay? \u1ea4n \u0111\u1ec3 t\u01b0\u01a1ng t\u00e1c<\/p>\n<p>        Tin li\u00ean quan<\/p>\n<p>                        B\u00e0i h\u1ecdc t\u1eeb l\u1ecbch s\u1eed: Kh\u00ed h\u1eadu c\u00e0ng n\u00f3ng, World Cup c\u00e0ng h\u1ea5p d\u1eabn<\/p>\n<p>                        Ch\u1ee7 nh\u00e0 M\u1ef9 th\u1ef1c s\u1ef1 c\u00f3 th\u1ec3 v\u00f4 \u0111\u1ecbch World Cup 2026?<\/p>\n<p>                        V\u1edf h\u00e0i k\u1ecbch l\u00e3ng x\u1eb9t c\u1ee7a FIFA<\/p>\n<p>                        Top 5 \u0111\u1ed9i b\u00f3ng c\u00f3 th\u1ec3 \u0111\u00f3ng vai &#8216;ng\u1ef1a \u00f4&#8217; t\u1ea1i World Cup 2026: 4 ch\u00e2u l\u1ee5c g\u00f3p m\u1eb7t<\/p>\n<p>                        C\u00e1c nguy\u00ean th\u1ee7 v\u00e0 quan ch\u1ee9c b\u00f3ng \u0111\u00e1 tham d\u1ef1 l\u1ec5 b\u1ed1c th\u0103m World Cup 2026<\/p>\n<p>            \u0110\u0103ng k\u00fd nh\u1eadn tin t\u1ee9c t\u1eeb T\u1ea1p ch\u00ed B\u00f3ng \u0111\u00e1<\/p>\n<p>            \u0110\u0103ng k\u00fd<\/p>\n<p>                L\u01b0u \u00fd: Khi \u0111\u0103ng k\u00fd nh\u1eadn tin t\u1ee9c qua email, \u0111\u1ed3ng ngh\u0129a v\u1edbi vi\u1ec7c b\u1ea1n \u0111\u00e3 \u0111\u1ecdc k\u1ef9 v\u00e0<br \/>\n                ch\u1ea5p thu\u1eadn c\u00e1c \u0111i\u1ec1u kho\u1ea3n T\u1ea1p ch\u00ed B\u00f3ng \u0111\u00e1 \u0111\u00e3 \u0111\u01b0a ra.<\/p>\n<p>    B\u00ecnh lu\u1eadn<\/p>\n<p>            G\u1eedi<\/p>\n<p>            Xem th\u00eam<\/p>\n<p>            Tin m\u1edbi nh\u1ea5t<\/p>\n<p>                            Matilde v\u00e0 Jose Mourinho b\u1ecb b\u1eaft g\u1eb7p h\u1eb9n h\u00f2 t\u1ea1i Lisbon<\/p>\n<p>                        H\u1eadu tr\u01b0\u1eddng<\/p>\n<p>                             44 ph\u00fat tr\u01b0\u1edbc<\/p>\n<p>                            Real Madrid ph\u1ea3i chi \u0111\u1eadm cho &#8216;Pedri phi\u00ean b\u1ea3n H\u00e0 Lan&#8217;<\/p>\n<p>                        V\u0110QG T\u00e2y Ban Nha<\/p>\n<p>                             46 ph\u00fat tr\u01b0\u1edbc<\/p>\n<p>                            Top 5 c\u1ea7u th\u1ee7 \u0111\u1eaft gi\u00e1 nh\u1ea5t th\u1ebf gi\u1edbi n\u0103m 2025: Kylian Mbappe v\u00e0 Haaland v\u1eabn k\u00e9m 1 ng\u01b0\u1eddi<\/p>\n<p>                        Th\u1ebf gi\u1edbi<\/p>\n<p>                             48 ph\u00fat tr\u01b0\u1edbc<\/p>\n<p>                            Nh\u1eadn \u0111\u1ecbnh TH\u1eaeNG THUA Arsenal vs Aston Villa, 03h15 ng\u00e0y 31\/12<\/p>\n<p>                        T\u01b0 v\u1ea5n B\u00f3ng \u0111\u00e1<\/p>\n<p>                             01 gi\u1edd tr\u01b0\u1edbc<\/p>\n<p>                            Lamine Yamal \u0111\u01b0\u1ee3c khuy\u00ean&#8230; n\u00ean t\u00ecm b\u1ea1n g\u00e1i<\/p>\n<p>                        H\u1eadu tr\u01b0\u1eddng<\/p>\n<p>                             02 gi\u1edd tr\u01b0\u1edbc<\/p>\n<p>                            Nam \u0110\u1ecbnh s\u1eafp th\u00e0nh c\u1ef1u v\u01b0\u01a1ng!<\/p>\n<p>                        V-League<\/p>\n<p>                             02 gi\u1edd tr\u01b0\u1edbc<\/p>\n<p>                            Nh\u1eadn \u0111\u1ecbnh TH\u1eaeNG THUA Roma vs Genoa, 02h45 ng\u00e0y 30\/12<\/p>\n<p>                        T\u01b0 v\u1ea5n B\u00f3ng \u0111\u00e1<\/p>\n<p>                             02 gi\u1edd tr\u01b0\u1edbc<\/p>\n<p>                            L\u1ecbch thi \u0111\u1ea5u b\u00f3ng \u0111\u00e1 h\u00f4m nay, ng\u00e0y 29\/12<\/p>\n<p>                        Th\u1ebf gi\u1edbi<\/p>\n<p>                             02 gi\u1edd tr\u01b0\u1edbc<\/p>\n<p>            T\u1ea3i app <\/p>\n<p>                L\u1ecbch thi \u0111\u1ea5u<\/p>\n<p>                Ngo\u1ea1i h\u1ea1ng Anh<br \/>\n                    La Liga<br \/>\n                    Serie A<br \/>\n                    Bundesliga<br \/>\n                    Ligue 1<br \/>\n                    Champions League<br \/>\n                    Europa League<br \/>\n                    V.League<br \/>\n                    Cup Qu\u1ed1c gia Vi\u1ec7t Nam<br \/>\n                    H\u1ea1ng nh\u1ea5t Vi\u1ec7t Nam<br \/>\n                    FA Cup<br \/>\n                    V\u00f4 \u0111\u1ecbch Brazil<\/p>\n<p>            B\u1ea3ng x\u1ebfp h\u1ea1ng<\/p>\n<p>                TT<br \/>\n                            \u0110\u1ed9i b\u00f3ng<br \/>\n                            Tr\u1eadn<br \/>\n                            +\/-<br \/>\n                            \u0110i\u1ec3m<\/p>\n<p>            \u0110\u1eeaNG B\u1ece L\u1ee0<\/p>\n<p>                            Florian Wirtz v\u00e0 &#8216;m\u1ea3nh gh\u00e9p kh\u00f4ng t\u01b0\u1edfng&#8217; c\u00f3 th\u1ec3 \u0111\u01b0a Liverpool tr\u1edf l\u1ea1i cu\u1ed9c \u0111ua v\u00f4 \u0111\u1ecbch<\/p>\n<p>                        Ngo\u1ea1i h\u1ea1ng Anh<\/p>\n<p>                             18 gi\u1edd tr\u01b0\u1edbc<\/p>\n<p>                            Cristiano Ronaldo kh\u00f4ng x\u1ee9ng nh\u1eadn gi\u1ea3i c\u1ee7a Globe Soccer Award!<br \/>\n                                13<\/p>\n<p>                        Th\u1ebf gi\u1edbi<\/p>\n<p>                             07 gi\u1edd tr\u01b0\u1edbc<\/p>\n<p>                            M\u00e0n t\u00e1i xu\u1ea5t tuy\u1ec7t v\u1eddi c\u1ee7a &#8216;anh tr\u01b0\u1edfng&#8217; Lisandro Martinez<\/p>\n<p>                        Ngo\u1ea1i h\u1ea1ng Anh<\/p>\n<p>                            08:51 ng\u00e0y 27\/12\/2025<\/p>\n<p>                            MU m\u01a1 g\u00ec \u0111\u00f2i &#8216;c\u01b0\u1edbp h\u00e0ng&#8217; c\u1ee7a Man City<\/p>\n<p>                        Ngo\u1ea1i h\u1ea1ng Anh<\/p>\n<p>                            17:51 ng\u00e0y 26\/12\/2025<\/p>\n<p>            C\u00f9ng chuy\u00ean m\u1ee5c<\/p>\n<p>                            Ronaldo v\u00e0 top 5 ng\u00f4i sao &#8216;d\u1ec5 x\u1ecbt&#8217; t\u1ea1i World Cup 2026<\/p>\n<p>                            17:13 ng\u00e0y 23\/12\/2025<\/p>\n<p>                            Ng\u00f4i sao \u0111\u1ea7u ti\u00ean l\u1ee1 h\u1eb9n World Cup 2026 v\u00ec ch\u1ea5n th\u01b0\u01a1ng<\/p>\n<p>                            14:58 ng\u00e0y 22\/12\/2025<\/p>\n<p>                            Li\u1ec7u Neymar c\u00f3 th\u1ec3 g\u1ed3ng m\u00ecnh \u0111\u1ec3 d\u1ef1 th\u00eam m\u1ed9t k\u1ef3 World Cup cu\u1ed1i c\u00f9ng c\u00f9ng tuy\u1ec3n Brazil?<\/p>\n<p>                            12:47 ng\u00e0y 21\/12\/2025<\/p>\n<p>                            M\u00e0n d\u00e0n x\u1ebfp \u0111\u00e1ng h\u1ed5 th\u1eb9n nh\u1ea5t l\u1ecbch s\u1eed World Cup<\/p>\n<p>                            18:55 ng\u00e0y 19\/12\/2025<\/p>\n<p>                            FIFA bu\u1ed9c ph\u1ea3i gi\u1ea3m m\u1ea1nh gi\u00e1 v\u00e9 World Cup v\u00ec b\u1ecb NHM ph\u1ea3n \u0111\u1ed1i<\/p>\n<p>                            16:48 ng\u00e0y 17\/12\/2025<\/p>\n<p>                            Fabio Cannavaro: &#8216;Uzbekistan s\u1ebd l\u00e0m n\u00ean b\u1ea5t ng\u1edd \u1edf World Cup 2026&#8217;<\/p>\n<p>                            22:24 ng\u00e0y 16\/12\/2025<\/p>\n<p>                            Benzema \u00fap m\u1edf kh\u1ea3 n\u0103ng tr\u1edf l\u1ea1i tuy\u1ec3n Ph\u00e1p d\u1ef1 World Cup 2026<\/p>\n<p>                            21:46 ng\u00e0y 12\/12\/2025<\/p>\n<p>                            Fan ph\u1eabn n\u1ed9 khi v\u00e9 World Cup 2026 t\u0103ng gi\u00e1 370%<\/p>\n<p>                            13:13 ng\u00e0y 12\/12\/2025<\/p>\n<p>                            Guardiola ch\u1ec9 ra \u1ee9ng vi\u00ean s\u1ed1 1 cho ch\u1ee9c v\u00f4 \u0111\u1ecbch World Cup 2026<\/p>\n<p>                            18:06 ng\u00e0y 09\/12\/2025<\/p>\n<p>                            B\u00e0i h\u1ecdc t\u1eeb l\u1ecbch s\u1eed: Kh\u00ed h\u1eadu c\u00e0ng n\u00f3ng, World Cup c\u00e0ng h\u1ea5p d\u1eabn<\/p>\n<p>                            05:36 ng\u00e0y 09\/12\/2025<\/p>\n<p>                            Ch\u1ee7 nh\u00e0 M\u1ef9 th\u1ef1c s\u1ef1 c\u00f3 th\u1ec3 v\u00f4 \u0111\u1ecbch World Cup 2026?<\/p>\n<p>                            15:39 ng\u00e0y 07\/12\/2025<\/p>\n","protected":false},"excerpt":{"rendered":"<p>\u00bb Th\u1ebf gi\u1edbi\u00bb World Cup Guardiola ch\u1ec9 ra \u1ee9ng vi\u00ean s\u1ed1 1 cho ch\u1ee9c v\u00f4 \u0111\u1ecbch World Cup 2026 18:06 ng\u00e0y 09\/12\/2025 Chia s\u1ebb HLV Pep Guardiola c\u1ee7a Man City&hellip;<\/p>\n","protected":false},"author":1,"featured_media":10904,"comment_status":"open","ping_status":"closed","sticky":false,"template":"","format":"standard","meta":{"footnotes":""},"categories":[32],"tags":[5066],"class_list":["post-10903","post","type-post","status-publish","format-standard","has-post-thumbnail","hentry","category-world-cup","tag-tags-world-cup-2026-pep-guardiola-man-city"],"_links":{"self":[{"href":"https:\/\/bongda.460tw.com\/index.php\/wp-json\/wp\/v2\/posts\/10903","targetHints":{"allow":["GET"]}}],"collection":[{"href":"https:\/\/bongda.460tw.com\/index.php\/wp-json\/wp\/v2\/posts"}],"about":[{"href":"https:\/\/bongda.460tw.com\/index.php\/wp-json\/wp\/v2\/types\/post"}],"author":[{"embeddable":true,"href":"https:\/\/bongda.460tw.com\/index.php\/wp-json\/wp\/v2\/users\/1"}],"replies":[{"embeddable":true,"href":"https:\/\/bongda.460tw.com\/index.php\/wp-json\/wp\/v2\/comments?post=10903"}],"version-history":[{"count":0,"href":"https:\/\/bongda.460tw.com\/index.php\/wp-json\/wp\/v2\/posts\/10903\/revisions"}],"wp:featuredmedia":[{"embeddable":true,"href":"https:\/\/bongda.460tw.com\/index.php\/wp-json\/wp\/v2\/media\/10904"}],"wp:attachment":[{"href":"https:\/\/bongda.460tw.com\/index.php\/wp-json\/wp\/v2\/media?parent=10903"}],"wp:term":[{"taxonomy":"category","embeddable":true,"href":"https:\/\/bongda.460tw.com\/index.php\/wp-json\/wp\/v2\/categories?post=10903"},{"taxonomy":"post_tag","embeddable":true,"href":"https:\/\/bongda.460tw.com\/index.php\/wp-json\/wp\/v2\/tags?post=10903"}],"curies":[{"name":"wp","href":"https:\/\/api.w.org\/{rel}","templated":true}]}}